{"id":92,"date":"2018-08-24T23:32:22","date_gmt":"2018-08-24T21:32:22","guid":{"rendered":"http:\/\/pierrebecat.fr\/?p=92"},"modified":"2020-12-31T12:51:12","modified_gmt":"2020-12-31T11:51:12","slug":"mes-dix-neuf-ans-noel-aux-armees","status":"publish","type":"post","link":"https:\/\/pierrebecat.fr\/index.php\/2018\/08\/24\/mes-dix-neuf-ans-noel-aux-armees\/","title":{"rendered":"Mes dix-neuf ans. No\u00ebl aux arm\u00e9es"},"content":{"rendered":"<p>Dans ce po\u00e8me, publi\u00e9 dans la revue Conflent, Pierre B\u00e9cat \u00e9voque sa jeunesse dont une partie se passa sur le front. En effet, il fut mobilis\u00e9 et revint \u00ab\u00a0gueule cass\u00e9e\u00a0\u00bb de la Grande Guerre avec une pension d&rsquo;invalidit\u00e9.<\/p>\n<p><img decoding=\"async\" loading=\"lazy\" class=\"aligncenter wp-image-93 size-full\" src=\"http:\/\/pierrebecat.fr\/wp-content\/uploads\/2018\/08\/IMG_5143-copia.jpg\" alt=\"\" width=\"640\" height=\"1136\" srcset=\"https:\/\/pierrebecat.fr\/wp-content\/uploads\/2018\/08\/IMG_5143-copia.jpg 640w, https:\/\/pierrebecat.fr\/wp-content\/uploads\/2018\/08\/IMG_5143-copia-169x300.jpg 169w, https:\/\/pierrebecat.fr\/wp-content\/uploads\/2018\/08\/IMG_5143-copia-577x1024.jpg 577w\" sizes=\"(max-width: 640px) 100vw, 640px\" \/><\/p>\n ","protected":false},"excerpt":{"rendered":"<p>Dans ce po\u00e8me, publi\u00e9 dans la revue Conflent, Pierre B\u00e9cat \u00e9voque sa jeunesse dont une partie se passa sur le front. En effet, il fut mobilis\u00e9 et revint \u00ab\u00a0gueule cass\u00e9e\u00a0\u00bb de la Grande Guerre avec une pension d&rsquo;invalidit\u00e9.<\/p>\n","protected":false},"author":2,"featured_media":0,"comment_status":"open","ping_status":"open","sticky":false,"template":"","format":"standard","meta":{"spay_email":""},"categories":[2],"tags":[],"jetpack_featured_media_url":"","_links":{"self":[{"href":"https:\/\/pierrebecat.fr\/index.php\/wp-json\/wp\/v2\/posts\/92"}],"collection":[{"href":"https:\/\/pierrebecat.fr\/index.php\/wp-json\/wp\/v2\/posts"}],"about":[{"href":"https:\/\/pierrebecat.fr\/index.php\/wp-json\/wp\/v2\/types\/post"}],"author":[{"embeddable":true,"href":"https:\/\/pierrebecat.fr\/index.php\/wp-json\/wp\/v2\/users\/2"}],"replies":[{"embeddable":true,"href":"https:\/\/pierrebecat.fr\/index.php\/wp-json\/wp\/v2\/comments?post=92"}],"version-history":[{"count":2,"href":"https:\/\/pierrebecat.fr\/index.php\/wp-json\/wp\/v2\/posts\/92\/revisions"}],"predecessor-version":[{"id":284,"href":"https:\/\/pierrebecat.fr\/index.php\/wp-json\/wp\/v2\/posts\/92\/revisions\/284"}],"wp:attachment":[{"href":"https:\/\/pierrebecat.fr\/index.php\/wp-json\/wp\/v2\/media?parent=92"}],"wp:term":[{"taxonomy":"category","embeddable":true,"href":"https:\/\/pierrebecat.fr\/index.php\/wp-json\/wp\/v2\/categories?post=92"},{"taxonomy":"post_tag","embeddable":true,"href":"https:\/\/pierrebecat.fr\/index.php\/wp-json\/wp\/v2\/tags?post=92"}],"curies":[{"name":"wp","href":"https:\/\/api.w.org\/{rel}","templated":true}]}}