{"id":846,"date":"2023-11-23T16:11:09","date_gmt":"2023-11-23T15:11:09","guid":{"rendered":"https:\/\/pierrebecat.fr\/?p=846"},"modified":"2023-11-23T16:12:00","modified_gmt":"2023-11-23T15:12:00","slug":"le-cercle-de-seze-annees-1930","status":"publish","type":"post","link":"https:\/\/pierrebecat.fr\/index.php\/2023\/11\/23\/le-cercle-de-seze-annees-1930\/","title":{"rendered":"Le Cercle de S\u00e8ze, ann\u00e9es 1930"},"content":{"rendered":"\n<p>Le Cercle de S\u00e8ze fut fond\u00e9 \u00e0 Paris dans les ann\u00e9es 1930 par l&rsquo;avocat <a href=\"https:\/\/pierrebecat.fr\/index.php\/2017\/04\/05\/pierre-xardel\/\" data-type=\"post\" data-id=\"9\">Pierre Xardel<\/a>, c\u00e9l\u00e9brant le nom de l&rsquo;avocat de Louis XVI, et rassemblant des avocats proches du royalisme, mais n&rsquo;appartenant pas tout \u00e0 l&rsquo;Action fran\u00e7aise. Pierre B\u00e9cat en fut l&rsquo;un des premiers membres, ainsi que son ami <a href=\"https:\/\/pierrebecat.fr\/index.php\/2017\/04\/05\/jacques-renouvin\/\" data-type=\"post\" data-id=\"10\">Jacques Renouvin<\/a>.<\/p>\n\n\n\n<p><\/p>\n\n\n\n<figure class=\"wp-block-image size-large\"><a href=\"https:\/\/pierrebecat.fr\/wp-content\/uploads\/2023\/11\/1930ca-Cercle-de-Seze-scaled.jpg\"><img decoding=\"async\" loading=\"lazy\" width=\"1024\" height=\"782\" src=\"https:\/\/pierrebecat.fr\/wp-content\/uploads\/2023\/11\/1930ca-Cercle-de-Seze-1024x782.jpg\" alt=\"\" class=\"wp-image-847\" srcset=\"https:\/\/pierrebecat.fr\/wp-content\/uploads\/2023\/11\/1930ca-Cercle-de-Seze-1024x782.jpg 1024w, https:\/\/pierrebecat.fr\/wp-content\/uploads\/2023\/11\/1930ca-Cercle-de-Seze-300x229.jpg 300w, https:\/\/pierrebecat.fr\/wp-content\/uploads\/2023\/11\/1930ca-Cercle-de-Seze-768x587.jpg 768w, https:\/\/pierrebecat.fr\/wp-content\/uploads\/2023\/11\/1930ca-Cercle-de-Seze-1536x1174.jpg 1536w, https:\/\/pierrebecat.fr\/wp-content\/uploads\/2023\/11\/1930ca-Cercle-de-Seze-2048x1565.jpg 2048w\" sizes=\"(max-width: 767px) 89vw, (max-width: 1000px) 54vw, (max-width: 1071px) 543px, 580px\" \/><\/a><figcaption class=\"wp-element-caption\">Invitation \u00e0 un d\u00eener organis\u00e9 par le Cercle de S\u00e8ze en 1934<\/figcaption><\/figure>\n\n\n\n<p><\/p>\n ","protected":false},"excerpt":{"rendered":"<p>Le Cercle de S\u00e8ze fut fond\u00e9 \u00e0 Paris dans les ann\u00e9es 1930 par l&rsquo;avocat Pierre Xardel, c\u00e9l\u00e9brant le nom de l&rsquo;avocat de Louis XVI, et rassemblant des avocats proches du royalisme, mais n&rsquo;appartenant pas tout \u00e0 l&rsquo;Action fran\u00e7aise. Pierre B\u00e9cat en fut l&rsquo;un des premiers membres, ainsi que son ami Jacques Renouvin.<\/p>\n","protected":false},"author":2,"featured_media":0,"comment_status":"open","ping_status":"open","sticky":false,"template":"","format":"standard","meta":{"spay_email":""},"categories":[6,4],"tags":[],"jetpack_featured_media_url":"","_links":{"self":[{"href":"https:\/\/pierrebecat.fr\/index.php\/wp-json\/wp\/v2\/posts\/846"}],"collection":[{"href":"https:\/\/pierrebecat.fr\/index.php\/wp-json\/wp\/v2\/posts"}],"about":[{"href":"https:\/\/pierrebecat.fr\/index.php\/wp-json\/wp\/v2\/types\/post"}],"author":[{"embeddable":true,"href":"https:\/\/pierrebecat.fr\/index.php\/wp-json\/wp\/v2\/users\/2"}],"replies":[{"embeddable":true,"href":"https:\/\/pierrebecat.fr\/index.php\/wp-json\/wp\/v2\/comments?post=846"}],"version-history":[{"count":2,"href":"https:\/\/pierrebecat.fr\/index.php\/wp-json\/wp\/v2\/posts\/846\/revisions"}],"predecessor-version":[{"id":849,"href":"https:\/\/pierrebecat.fr\/index.php\/wp-json\/wp\/v2\/posts\/846\/revisions\/849"}],"wp:attachment":[{"href":"https:\/\/pierrebecat.fr\/index.php\/wp-json\/wp\/v2\/media?parent=846"}],"wp:term":[{"taxonomy":"category","embeddable":true,"href":"https:\/\/pierrebecat.fr\/index.php\/wp-json\/wp\/v2\/categories?post=846"},{"taxonomy":"post_tag","embeddable":true,"href":"https:\/\/pierrebecat.fr\/index.php\/wp-json\/wp\/v2\/tags?post=846"}],"curies":[{"name":"wp","href":"https:\/\/api.w.org\/{rel}","templated":true}]}}