{"id":769,"date":"2022-12-27T22:22:55","date_gmt":"2022-12-27T21:22:55","guid":{"rendered":"https:\/\/pierrebecat.fr\/?p=769"},"modified":"2022-12-27T22:23:20","modified_gmt":"2022-12-27T21:23:20","slug":"pierre-becat-dans-son-bureau-a-paris","status":"publish","type":"post","link":"https:\/\/pierrebecat.fr\/index.php\/2022\/12\/27\/pierre-becat-dans-son-bureau-a-paris\/","title":{"rendered":"Pierre B\u00e9cat dans son bureau \u00e0 Paris"},"content":{"rendered":"\n<figure class=\"wp-block-image size-large\"><a href=\"https:\/\/pierrebecat.fr\/wp-content\/uploads\/2022\/12\/Pierre-BECAT-a-Paris-scaled.jpg\"><img decoding=\"async\" loading=\"lazy\" width=\"1024\" height=\"937\" src=\"https:\/\/pierrebecat.fr\/wp-content\/uploads\/2022\/12\/Pierre-BECAT-a-Paris-1024x937.jpg\" alt=\"\" class=\"wp-image-771\" srcset=\"https:\/\/pierrebecat.fr\/wp-content\/uploads\/2022\/12\/Pierre-BECAT-a-Paris-1024x937.jpg 1024w, https:\/\/pierrebecat.fr\/wp-content\/uploads\/2022\/12\/Pierre-BECAT-a-Paris-300x275.jpg 300w, https:\/\/pierrebecat.fr\/wp-content\/uploads\/2022\/12\/Pierre-BECAT-a-Paris-768x703.jpg 768w, https:\/\/pierrebecat.fr\/wp-content\/uploads\/2022\/12\/Pierre-BECAT-a-Paris-1536x1406.jpg 1536w, https:\/\/pierrebecat.fr\/wp-content\/uploads\/2022\/12\/Pierre-BECAT-a-Paris-2048x1875.jpg 2048w\" sizes=\"(max-width: 767px) 89vw, (max-width: 1000px) 54vw, (max-width: 1071px) 543px, 580px\" \/><\/a><\/figure>\n\n\n\n<p>Pierre B\u00e9cat exer\u00e7a la plus grande partie de sa carri\u00e8re d&rsquo;avocat au barreau de Paris. Son cabinet \u00e9tait situ\u00e9 au sein de son appartement d&rsquo;habitation, au 4e du <a href=\"https:\/\/pierrebecat.fr\/index.php\/2022\/08\/10\/lieux-de-vie\/\" data-type=\"post\" data-id=\"13\">22 boulevard de Charonne<\/a>. C&rsquo;est son bureau que montre cette int\u00e9ressante photographie, datant des ann\u00e9es 1930.<\/p>\n ","protected":false},"excerpt":{"rendered":"<p>Pierre B\u00e9cat exer\u00e7a la plus grande partie de sa carri\u00e8re d&rsquo;avocat au barreau de Paris. Son cabinet \u00e9tait situ\u00e9 au sein de son appartement d&rsquo;habitation, au 4e du 22 boulevard de Charonne. C&rsquo;est son bureau que montre cette int\u00e9ressante photographie, datant des ann\u00e9es 1930.<\/p>\n","protected":false},"author":2,"featured_media":0,"comment_status":"open","ping_status":"open","sticky":false,"template":"","format":"standard","meta":{"spay_email":""},"categories":[5,6,1],"tags":[],"jetpack_featured_media_url":"","_links":{"self":[{"href":"https:\/\/pierrebecat.fr\/index.php\/wp-json\/wp\/v2\/posts\/769"}],"collection":[{"href":"https:\/\/pierrebecat.fr\/index.php\/wp-json\/wp\/v2\/posts"}],"about":[{"href":"https:\/\/pierrebecat.fr\/index.php\/wp-json\/wp\/v2\/types\/post"}],"author":[{"embeddable":true,"href":"https:\/\/pierrebecat.fr\/index.php\/wp-json\/wp\/v2\/users\/2"}],"replies":[{"embeddable":true,"href":"https:\/\/pierrebecat.fr\/index.php\/wp-json\/wp\/v2\/comments?post=769"}],"version-history":[{"count":1,"href":"https:\/\/pierrebecat.fr\/index.php\/wp-json\/wp\/v2\/posts\/769\/revisions"}],"predecessor-version":[{"id":772,"href":"https:\/\/pierrebecat.fr\/index.php\/wp-json\/wp\/v2\/posts\/769\/revisions\/772"}],"wp:attachment":[{"href":"https:\/\/pierrebecat.fr\/index.php\/wp-json\/wp\/v2\/media?parent=769"}],"wp:term":[{"taxonomy":"category","embeddable":true,"href":"https:\/\/pierrebecat.fr\/index.php\/wp-json\/wp\/v2\/categories?post=769"},{"taxonomy":"post_tag","embeddable":true,"href":"https:\/\/pierrebecat.fr\/index.php\/wp-json\/wp\/v2\/tags?post=769"}],"curies":[{"name":"wp","href":"https:\/\/api.w.org\/{rel}","templated":true}]}}