{"id":204,"date":"2021-07-04T17:27:30","date_gmt":"2021-07-04T15:27:30","guid":{"rendered":"http:\/\/pierrebecat.fr\/?p=204"},"modified":"2022-07-30T18:04:21","modified_gmt":"2022-07-30T16:04:21","slug":"les-archives-de-pierre-becat","status":"publish","type":"post","link":"https:\/\/pierrebecat.fr\/index.php\/2021\/07\/04\/les-archives-de-pierre-becat\/","title":{"rendered":"Les archives de Pierre B\u00e9cat ont rejoint les Archives d\u00e9partementales de l&rsquo;H\u00e9rault"},"content":{"rendered":"\n<figure class=\"wp-block-image size-large\"><img decoding=\"async\" loading=\"lazy\" width=\"1024\" height=\"768\" src=\"http:\/\/pierrebecat.fr\/wp-content\/uploads\/2021\/07\/20210701_144908-1024x768.jpg\" alt=\"\" class=\"wp-image-528\" srcset=\"https:\/\/pierrebecat.fr\/wp-content\/uploads\/2021\/07\/20210701_144908-1024x768.jpg 1024w, https:\/\/pierrebecat.fr\/wp-content\/uploads\/2021\/07\/20210701_144908-300x225.jpg 300w, https:\/\/pierrebecat.fr\/wp-content\/uploads\/2021\/07\/20210701_144908-768x576.jpg 768w, https:\/\/pierrebecat.fr\/wp-content\/uploads\/2021\/07\/20210701_144908-1536x1152.jpg 1536w, https:\/\/pierrebecat.fr\/wp-content\/uploads\/2021\/07\/20210701_144908-2048x1536.jpg 2048w\" sizes=\"(max-width: 767px) 89vw, (max-width: 1000px) 54vw, (max-width: 1071px) 543px, 580px\" \/><\/figure>\n\n\n\n<p><strong>Le jeudi 1er juillet 2021, les archives personnelles de Pierre B\u00e9cat ont \u00e9t\u00e9 donn\u00e9es par son fils Andr\u00e9 B\u00e9cat (\u00e0 gauche sur la photographie) aux Archives d\u00e9partementales de l&rsquo;H\u00e9rault, install\u00e9es sur le site de \u00ab\u00a0Pierres Vives\u00a0\u00bb pr\u00e8s de Montpellier. Elles ont \u00e9t\u00e9 prises en charge par M. Julien Duvaux (\u00e0 droite sur la photographie), archiviste au sein de ce service charg\u00e9 des fonds priv\u00e9s, venu sp\u00e9cialement \u00e0 Prades pour l&rsquo;occasion. Ce jour-l\u00e0, Andr\u00e9 B\u00e9cat a sign\u00e9 la convention de don.<\/strong><\/p>\n\n\n\n<p>Pierre B\u00e9cat laissa \u00e0 sa famille un important fonds d&rsquo;archives personnelles qui resta longtemps non class\u00e9 et non exploit\u00e9. En 2006, lors de la vente de la maison familiale de Prades, ce fonds fut sauv\u00e9 et entrepos\u00e9. Depuis plusieurs ann\u00e9es, il a fait l&rsquo;objet d&rsquo;un long travail de tri et a b\u00e9n\u00e9fici\u00e9 d&rsquo;un inventaire sommaire. D\u00e9sormais conserv\u00e9 aux Archives d\u00e9partementales de l&rsquo;H\u00e9rault, il a \u00e9t\u00e9 conditionn\u00e9 et mis \u00e0 la disposition du public dans les meilleures conditions de consultation possibles.<\/p>\n\n\n\n<p class=\"has-pale-cyan-blue-background-color has-background has-medium-font-size\"><strong><span class=\"has-inline-color has-vivid-red-color\">Depuis le 28 juillet 2022, le fonds Pierre B\u00e9cat est disponible \u00e0 la consultation aux Archives d\u00e9partementales de l&rsquo;H\u00e9rault<\/span><\/strong>. <\/p>\n\n\n\n<p class=\"has-pale-cyan-blue-background-color has-background has-medium-font-size\"><a href=\"http:\/\/pierrebecat.fr\/wp-content\/uploads\/2022\/07\/Fds_305J_P_Becat.pdf\" data-type=\"URL\" data-id=\"http:\/\/pierrebecat.fr\/wp-content\/uploads\/2022\/07\/Fds_305J_P_Becat.pdf\">Consultez l&rsquo;inventaire du fonds en cliquant ici.<span class=\"has-inline-color has-vivid-red-color\" style=\"\"><b> <\/b><\/span><\/a><\/p>\n\n\n\n<p>Ce fonds \u00e9mane de l\u2019activit\u00e9 de Pierre B\u00e9cat, m\u00eame si on y trouve plus marginalement quelques titres de propri\u00e9t\u00e9 de ses anc\u00eatres. Il contient principalement des correspondances. \u00c0 l\u2019exception notable d\u2019un bel ensemble de lettres \u00e9chang\u00e9es par Pierre B\u00e9cat et son \u00e9pouse Gabrielle Rotg\u00e9 au tout d\u00e9but de leur mariage, et qui peuvent aussi aborder des sujets politiques, les correspondances personnelles et politiques sont compos\u00e9es en quasi-totalit\u00e9 de lettres re\u00e7ues. Les correspondances les plus riches datent des ann\u00e9es 1920-1930 et illustrent tr\u00e8s pr\u00e9cis\u00e9ment l\u2019activit\u00e9 de conf\u00e9rencier et de journaliste royaliste de Pierre B\u00e9cat. Malheureusement, aucune lettre de ce type n\u2019a \u00e9t\u00e9 conserv\u00e9e entre 1938 et les ann\u00e9es 1950, m\u00eame si la correspondance du couple d\u00e9borde un peu sur la fin de la Seconde guerre mondiale.<\/p>\n\n\n\n<figure class=\"wp-block-image\"><img decoding=\"async\" loading=\"lazy\" width=\"1024\" height=\"768\" src=\"http:\/\/pierrebecat.fr\/wp-content\/uploads\/2020\/12\/IMG_7259-1024x768.jpg\" alt=\"\" class=\"wp-image-207\" srcset=\"https:\/\/pierrebecat.fr\/wp-content\/uploads\/2020\/12\/IMG_7259-1024x768.jpg 1024w, https:\/\/pierrebecat.fr\/wp-content\/uploads\/2020\/12\/IMG_7259-300x225.jpg 300w, https:\/\/pierrebecat.fr\/wp-content\/uploads\/2020\/12\/IMG_7259-768x576.jpg 768w\" sizes=\"(max-width: 767px) 89vw, (max-width: 1000px) 54vw, (max-width: 1071px) 543px, 580px\" \/><figcaption>Aper\u00e7u de la correspondance de Pierre B\u00e9cat<\/figcaption><\/figure>\n\n\n\n<p>Le\nsecond type de documents le plus repr\u00e9sent\u00e9 dans le fonds sont les coupures de\npresse. Pierre B\u00e9cat s\u00e9lectionnait compulsivement, jour apr\u00e8s jour, des\narticles relatifs aux th\u00e8mes qui l\u2019int\u00e9ressaient et qui lui servaient \u00e0 r\u00e9diger\nses articles ou ses ouvrages. Sa principale habitude \u00e9tait de les d\u00e9couper et\nde les coller dans des cahiers ou dans des livres qu\u2019il r\u00e9utilisait pour\nl\u2019occasion. Malheureusement, la plupart des articles ne sont pas r\u00e9f\u00e9renc\u00e9s. Il\na sembl\u00e9 n\u00e9anmoins int\u00e9ressant de conserver l\u2019ensemble des coupures de presse subsistant,\ncar la tr\u00e8s grande majorit\u00e9 fut \u00e9limin\u00e9e du vivant de P. B\u00e9cat. Certaines sont\nclass\u00e9es par th\u00e8mes.<\/p>\n\n\n\n<p>Enfin, un nombre important de manuscrits de textes politiques (articles, conf\u00e9rences) et litt\u00e9raires (romans, in\u00e9dits pour la plupart \u00e0 l\u2019exception du manuscrit d\u2019<em>Enfance et jeunesse occitane<\/em> publi\u00e9 en 1979) sont conserv\u00e9s, m\u00eame si l\u2019auteur avait l\u2019habitude d\u2019en \u00e9liminer la plupart de son vivant.<\/p>\n\n\n\n<figure class=\"wp-block-image\"><img decoding=\"async\" loading=\"lazy\" width=\"1024\" height=\"768\" src=\"http:\/\/pierrebecat.fr\/wp-content\/uploads\/2020\/12\/IMG_7287-1-1024x768.jpg\" alt=\"\" class=\"wp-image-208\" srcset=\"https:\/\/pierrebecat.fr\/wp-content\/uploads\/2020\/12\/IMG_7287-1-1024x768.jpg 1024w, https:\/\/pierrebecat.fr\/wp-content\/uploads\/2020\/12\/IMG_7287-1-300x225.jpg 300w, https:\/\/pierrebecat.fr\/wp-content\/uploads\/2020\/12\/IMG_7287-1-768x576.jpg 768w\" sizes=\"(max-width: 767px) 89vw, (max-width: 1000px) 54vw, (max-width: 1071px) 543px, 580px\" \/><figcaption>Aper\u00e7u des brouillons de textes politiques<\/figcaption><\/figure>\n\n\n\n<p>Le fonds comporte actuellement 23 cartons. Au cours du classement, il a \u00e9t\u00e9 divis\u00e9 en 4 parties : <\/p>\n\n\n\n<p><strong>I. Papiers personnels et familiaux<\/strong><\/p>\n\n\n\n<p>&#8211; Papiers de Louis B\u00e9cat<\/p>\n\n\n\n<p>&#8211; Papiers d\u2019identit\u00e9 et militaires\nde Pierre B\u00e9cat<\/p>\n\n\n\n<p>&#8211; Scolarit\u00e9<\/p>\n\n\n\n<p>&#8211; Photographies<\/p>\n\n\n\n<p>&#8211; Correspondance familiale <\/p>\n\n\n\n<p><strong>II. Activit\u00e9 politique<\/strong><\/p>\n\n\n\n<p>&#8211; Correspondance politique\n(1924-1938 et 1960-1990)<\/p>\n\n\n\n<p>&#8211; \u00c9crits (brouillons et\ntextes)<\/p>\n\n\n\n<p>&#8211; Coupures de presse<\/p>\n\n\n\n<p><strong>III. Carri\u00e8re d\u2019avocat<\/strong><\/p>\n\n\n\n<p>&#8211; Barreau&nbsp;: g\u00e9n\u00e9ralit\u00e9s<\/p>\n\n\n\n<p>&#8211; Dossiers d\u2019affaires<\/p>\n\n\n\n<p><strong>IV. Activit\u00e9 litt\u00e9raire<\/strong><\/p>\n\n\n\n<p>&#8211; Correspondance&nbsp;:\ndossiers d\u2019\u00e9diteurs, r\u00e9actions aux publications<\/p>\n\n\n\n<p>&#8211; Po\u00e8mes<\/p>\n\n\n\n<p>&#8211; Romans (manuscrits et fragments)<\/p>\n\n\n\n\n\n<p><\/p>\n ","protected":false},"excerpt":{"rendered":"<p>Le jeudi 1er juillet 2021, les archives personnelles de Pierre B\u00e9cat ont \u00e9t\u00e9 donn\u00e9es par son fils Andr\u00e9 B\u00e9cat (\u00e0 gauche sur la photographie) aux Archives d\u00e9partementales de l&rsquo;H\u00e9rault, install\u00e9es sur le site de \u00ab\u00a0Pierres Vives\u00a0\u00bb pr\u00e8s de Montpellier. Elles ont \u00e9t\u00e9 prises en charge par M. Julien Duvaux (\u00e0 droite sur la photographie), archiviste &hellip; <\/p>\n<p class=\"link-more\"><a href=\"https:\/\/pierrebecat.fr\/index.php\/2021\/07\/04\/les-archives-de-pierre-becat\/\" class=\"more-link\">Continuer la lecture<span class=\"screen-reader-text\"> de &laquo;&nbsp;Les archives de Pierre B\u00e9cat ont rejoint les Archives d\u00e9partementales de l&rsquo;H\u00e9rault&nbsp;&raquo;<\/span><\/a><\/p>\n","protected":false},"author":2,"featured_media":0,"comment_status":"open","ping_status":"open","sticky":true,"template":"","format":"standard","meta":{"spay_email":""},"categories":[5],"tags":[],"jetpack_featured_media_url":"","_links":{"self":[{"href":"https:\/\/pierrebecat.fr\/index.php\/wp-json\/wp\/v2\/posts\/204"}],"collection":[{"href":"https:\/\/pierrebecat.fr\/index.php\/wp-json\/wp\/v2\/posts"}],"about":[{"href":"https:\/\/pierrebecat.fr\/index.php\/wp-json\/wp\/v2\/types\/post"}],"author":[{"embeddable":true,"href":"https:\/\/pierrebecat.fr\/index.php\/wp-json\/wp\/v2\/users\/2"}],"replies":[{"embeddable":true,"href":"https:\/\/pierrebecat.fr\/index.php\/wp-json\/wp\/v2\/comments?post=204"}],"version-history":[{"count":11,"href":"https:\/\/pierrebecat.fr\/index.php\/wp-json\/wp\/v2\/posts\/204\/revisions"}],"predecessor-version":[{"id":686,"href":"https:\/\/pierrebecat.fr\/index.php\/wp-json\/wp\/v2\/posts\/204\/revisions\/686"}],"wp:attachment":[{"href":"https:\/\/pierrebecat.fr\/index.php\/wp-json\/wp\/v2\/media?parent=204"}],"wp:term":[{"taxonomy":"category","embeddable":true,"href":"https:\/\/pierrebecat.fr\/index.php\/wp-json\/wp\/v2\/categories?post=204"},{"taxonomy":"post_tag","embeddable":true,"href":"https:\/\/pierrebecat.fr\/index.php\/wp-json\/wp\/v2\/tags?post=204"}],"curies":[{"name":"wp","href":"https:\/\/api.w.org\/{rel}","templated":true}]}}