{"id":126,"date":"2018-09-16T13:06:44","date_gmt":"2018-09-16T11:06:44","guid":{"rendered":"http:\/\/pierrebecat.fr\/?p=126"},"modified":"2024-01-20T18:07:34","modified_gmt":"2024-01-20T17:07:34","slug":"pierre-becat-et-laction-francaise","status":"publish","type":"post","link":"https:\/\/pierrebecat.fr\/index.php\/2018\/09\/16\/pierre-becat-et-laction-francaise\/","title":{"rendered":"Pierre B\u00e9cat et l&rsquo;Action fran\u00e7aise"},"content":{"rendered":"<p>Militant royaliste d\u00e8s son plus jeune \u00e2ge, Pierre B\u00e9cat est depuis 1920 le beau-fr\u00e8re de Marcel Aza\u00efs, figure marquante de l&rsquo;<em>Action fran\u00e7aise<\/em> (voir <a href=\"http:\/\/pierrebecat.fr\/index.php\/2018\/09\/16\/1920-mariage-de-marcel-azais-et-juliette-becat\/\">le mariage de Marcel Aza\u00efs et de Juliette B\u00e9cat<\/a>). C&rsquo;est \u00e9galement parmi les jeunes filles d&rsquo;Action fran\u00e7aise qu&rsquo;il rencontre son \u00e9pouse Gabrielle, avec qui il se marie en 1927.<\/p>\n<p>Pierre B\u00e9cat \u00e9crit d&rsquo;abord dans des journaux de l&rsquo;H\u00e9rault, puis des Pyr\u00e9n\u00e9es-Orientales. En mars 1923, il prend la plume dans\u00a0<em>Le Roussillon<\/em>, la feuille royaliste de Perpignan, afin de soutenir la candidature de Charles Maurras \u00e0 l&rsquo;Acad\u00e9mie fran\u00e7aise. En plus de convictions monarchistes, il partage avec lui un attachement aux langues occitane et proven\u00e7ale, \u00e0 travers le mouvement f\u00e9libre, et une profonde culture antique.<\/p>\n<p>Le 19 mars 1923, le nom de Pierre B\u00e9cat est cit\u00e9 pour la premi\u00e8re fois dans\u00a0l&rsquo;<em>Action fran\u00e7aise<\/em>. Le grand journal parisien reprend un extrait de son article paru dans\u00a0<em>Le Roussillon<\/em>.<\/p>\n<p><a href=\"http:\/\/pierrebecat.fr\/wp-content\/uploads\/2018\/09\/BecatMaurras.jpg\"><img decoding=\"async\" loading=\"lazy\" class=\"aligncenter size-full wp-image-127\" src=\"http:\/\/pierrebecat.fr\/wp-content\/uploads\/2018\/09\/BecatMaurras.jpg\" alt=\"\" width=\"328\" height=\"1015\" srcset=\"https:\/\/pierrebecat.fr\/wp-content\/uploads\/2018\/09\/BecatMaurras.jpg 328w, https:\/\/pierrebecat.fr\/wp-content\/uploads\/2018\/09\/BecatMaurras-97x300.jpg 97w\" sizes=\"(max-width: 328px) 100vw, 328px\" \/><\/a><\/p>\n<p><em>(source :\u00a0https:\/\/gallica.bnf.fr\/ark:\/12148\/bpt6k761530q\/f4)<\/em><\/p>\n<p>De 1924 \u00e0 1934, le nom de Pierre B\u00e9cat va appara\u00eetre \u00e0 de tr\u00e8s nombreuses reprises dans le journal : 744 occurrences d&rsquo;apr\u00e8s le moteur de recherche de \u00ab\u00a0Gallica\u00a0\u00bb, la biblioth\u00e8que num\u00e9rique de la Biblioth\u00e8que nationale de France :\u00a0<a href=\"https:\/\/gallica.bnf.fr\/services\/engine\/search\/sru?operation=searchRetrieve&amp;version=1.2&amp;startRecord=0&amp;maximumRecords=15&amp;page=1&amp;collapsing=disabled&amp;query=%28gallica%20adj%20%22Pierre%20B%C3%A9cat%22%29%20and%20arkPress%20all%20%22cb326819451_date%22%20sortby%20dc.date%2Fsort.ascending\">https:\/\/gallica.bnf.fr\/services\/engine\/search\/sru?operation=searchRetrieve&amp;version=1.2&amp;startRecord=0&amp;maximumRecords=15&amp;page=1&amp;collapsing=disabled&amp;query=%28gallica%20adj%20%22Pierre%20B%C3%A9cat%22%29%20and%20arkPress%20all%20%22cb326819451_date%22%20sortby%20dc.date%2Fsort.ascending<\/a>.<\/p>\n<p>Nous ne les reprendrons pas toutes ici, mais nous t\u00e2cherons, au fur et \u00e0 mesure que le site \u00e9voluera, d&rsquo;attirer l&rsquo;attention du lecteur sur tel ou tel article int\u00e9ressant.<\/p>\n<p>C&rsquo;est tout d&rsquo;abord \u00e0 travers des annonces ou des r\u00e9sum\u00e9s de conf\u00e9rences que Pierre B\u00e9cat appara\u00eet dans le journal. D\u00e8s 1924, en effet, il parcourt les routes de France, de ville en ville, de village en village, en tant que conf\u00e9rencier officiel de l&rsquo;<em>Action fran\u00e7aise<\/em>.<\/p>\n<p>Il commence en compagnie de son beau-fr\u00e8re Marcel Aza\u00efs. On a le t\u00e9moignage d&rsquo;une conf\u00e9rence donn\u00e9e \u00e0 deux le 28 juin 1924.<\/p>\n<p><a href=\"http:\/\/pierrebecat.fr\/wp-content\/uploads\/2018\/09\/becatazaism.jpg\"><img decoding=\"async\" loading=\"lazy\" class=\"aligncenter size-full wp-image-128\" src=\"http:\/\/pierrebecat.fr\/wp-content\/uploads\/2018\/09\/becatazaism.jpg\" alt=\"\" width=\"428\" height=\"138\" srcset=\"https:\/\/pierrebecat.fr\/wp-content\/uploads\/2018\/09\/becatazaism.jpg 428w, https:\/\/pierrebecat.fr\/wp-content\/uploads\/2018\/09\/becatazaism-300x97.jpg 300w\" sizes=\"(max-width: 428px) 100vw, 428px\" \/><\/a><\/p>\n<p><em>(L&rsquo;Action fran\u00e7aise <\/em>du 3 juillet 1924<em> ; source :\u00a0https:\/\/gallica.bnf.fr\/ark:\/12148\/bpt6k761999f\/f3)<\/em><\/p>\n<p>Sa carri\u00e8re de conf\u00e9rencier s&rsquo;acc\u00e9l\u00e8re de fa\u00e7on exponentielle apr\u00e8s la mort de M. Aza\u00efs. Il r\u00e9alise chaque ann\u00e9e des tourn\u00e9es en compagnie de Louis Sentup\u00e9ry, Louis Jasseron, Joseph Delest, Elie de S\u00e8ze, Paul Gaudeffroy&#8230; 1925 est une ann\u00e9e particuli\u00e8rement intense, P. B\u00e9cat est sur tous les fronts, s&rsquo;exprimant \u00e0 la fois sur le scandale de la mort de Ph. Daudet survenu deux ans plus t\u00f4t, sur les questions \u00e9conomiques et surtout agricoles. C&rsquo;est principalement dans des r\u00e9gions rurales ou industrielles, les bassins miniers du Tarn, le Midi viticole, que ses pas le portent. Les tourn\u00e9es se poursuivent de plus belle en <a href=\"https:\/\/pierrebecat.fr\/index.php\/2024\/01\/20\/1926-pierre-becat-en-tournee-de-conferences-dans-le-sud-de-la-france-pour-laction-francaise\/\">1926<\/a>, 1927, 1928 et 1929, marqu\u00e9es par la condamnation de l&rsquo;<em>Action fran\u00e7aise<\/em> par le pape Pie XI.<\/p>\n<p style=\"text-align: center;\">***<\/p>\n<p>Appr\u00e9ci\u00e9 pour ses talents d&rsquo;orateur, ayant fait ses preuves pendant plusieurs ann\u00e9es, il peut enfin publier ses propres textes dans <em>L&rsquo;Action fran\u00e7aise<\/em>. Il entre par la grande porte puisque son premier article, dat\u00e9 du 10 juin 1930, consacr\u00e9 \u00e0 la crise viticole, para\u00eet en premi\u00e8re et seconde page du journal.<\/p>\n<figure id=\"attachment_129\" aria-describedby=\"caption-attachment-129\" style=\"width: 525px\" class=\"wp-caption aligncenter\"><a href=\"http:\/\/pierrebecat.fr\/wp-content\/uploads\/2018\/09\/LAction_franc\u0327aise_-_organe_du_...Action_franc\u0327aise_bpt6k764169r.jpeg\"><img decoding=\"async\" loading=\"lazy\" class=\"wp-image-129 size-large\" src=\"http:\/\/pierrebecat.fr\/wp-content\/uploads\/2018\/09\/LAction_franc\u0327aise_-_organe_du_...Action_franc\u0327aise_bpt6k764169r-739x1024.jpeg\" alt=\"\" width=\"525\" height=\"727\" srcset=\"https:\/\/pierrebecat.fr\/wp-content\/uploads\/2018\/09\/LAction_franc\u0327aise_-_organe_du_...Action_franc\u0327aise_bpt6k764169r-739x1024.jpeg 739w, https:\/\/pierrebecat.fr\/wp-content\/uploads\/2018\/09\/LAction_franc\u0327aise_-_organe_du_...Action_franc\u0327aise_bpt6k764169r-217x300.jpeg 217w, https:\/\/pierrebecat.fr\/wp-content\/uploads\/2018\/09\/LAction_franc\u0327aise_-_organe_du_...Action_franc\u0327aise_bpt6k764169r-768x1064.jpeg 768w, https:\/\/pierrebecat.fr\/wp-content\/uploads\/2018\/09\/LAction_franc\u0327aise_-_organe_du_...Action_franc\u0327aise_bpt6k764169r.jpeg 2048w\" sizes=\"(max-width: 525px) 100vw, 525px\" \/><\/a><figcaption id=\"caption-attachment-129\" class=\"wp-caption-text\">Une du 10 juin 1930 contenant le premier article de P. B\u00e9cat publi\u00e9 dans l&rsquo;A.F. (en bas \u00e0 droite). Source :\u00a0https:\/\/gallica.bnf.fr\/ark:\/12148\/bpt6k764169r\/f1<\/figcaption><\/figure>\n<p><a href=\"http:\/\/pierrebecat.fr\/index.php\/2018\/09\/16\/la-demagogie-et-la-crise-viticole-1926\/\"><strong>Vous pouvez lire le texte int\u00e9gral de ce premier article sur une page qui lui est consacr\u00e9e.<\/strong><\/a><\/p>\n<p>D\u00e8s 1930, donc, il compte parmi les collaborateurs r\u00e9guliers du journal, et y aborde \u00e0 la fois des sujets politiques et agricoles. Entre 1930 et 1931, il publie 6 articles, apparaissant tous en une, puis, le 19 ao\u00fbt 1933, il publie un article en page 4.<\/p>\n<p>Ayant repris les cycles de conf\u00e9rences de 1930 \u00e0 1934, il se rapproche progressivement du cercle intime des princes d&rsquo;Orl\u00e9ans. L&rsquo;ann\u00e9e 1934 marque une date cruciale pour l&rsquo;<em>Action fran\u00e7aise<\/em>. Au cours des manifestations antiparlementaires du 6 f\u00e9vrier, les camelots du roi sont au premier rang des cort\u00e8ges. Cependant, en raison d&rsquo;une mauvaise coordination et de divergences de vues entre les diff\u00e9rentes ligues, l&rsquo;objectif de renverser la R\u00e9publique n&rsquo;est pas atteint. L&rsquo;<em>Action fran\u00e7aise<\/em> est un temps menac\u00e9e, et de graves conflits se font jour \u00e0 travers ses rangs.<\/p>\n<p>C&rsquo;est au cours de cette ann\u00e9e, apr\u00e8s le mois de juillet, que Pierre B\u00e9cat cesse d\u00e9finitivement de collaborer directement avec le journal. Les atermoiements de Charles Maurras, \u00e0 qui il reproche d&rsquo;\u00eatre plus dispos\u00e9 \u00e0 la pol\u00e9mique litt\u00e9raire et journalistique qu&rsquo;\u00e0 de grandes actions politiques, entra\u00eenent un refroidissement des rapports entre les deux hommes et le nom de B\u00e9cat n&rsquo;appara\u00eet plus dans les c\u00e9l\u00e8bres colonnes du quotidien.<\/p>\n<p>En janvier 1934 d\u00e9j\u00e0, il <a href=\"http:\/\/pierrebecat.fr\/index.php\/2020\/12\/31\/1934-conflits-a-laction-francaise-lettre-de-pierre-becat-a-charles-maurras\/\">faisait part \u00e0 Charles Maurras des conflits qui l&rsquo;opposaient \u00e0 d&rsquo;autres membres de l&rsquo;<em>Action fran\u00e7aise<\/em> et lui signalait qu&rsquo;il avait \u00e9t\u00e9 convoqu\u00e9 par le comte de Paris<\/a>. Fin 1934, il finit par \u00eatre <a href=\"http:\/\/pierrebecat.fr\/index.php\/2018\/09\/02\/1934-les-becat-au-manoir-danjou\/\">d\u00e9sign\u00e9 conf\u00e9rencier officiel du prince<\/a>, et peut continuer son activit\u00e9 d&rsquo;orateur.<\/p>\n<p>Restant toujours proche intellectuellement et sympathisant de ses combats, Pierre B\u00e9cat continuera \u00e0 fr\u00e9quenter intimement Charles Maurras et \u00e0 \u00e9changer litt\u00e9rairement avec lui, sans toutefois se retourner vers son journal, dont il reste d\u00e9tach\u00e9 durant la Seconde guerre mondiale.<\/p>\n<p><a href=\"http:\/\/pierrebecat.fr\/wp-content\/uploads\/2018\/09\/demagogie2.jpg\"><br \/>\n<\/a><a href=\"http:\/\/pierrebecat.fr\/wp-content\/uploads\/2018\/09\/demagogie2.jpg\"><br \/>\n<\/a><\/p>\n ","protected":false},"excerpt":{"rendered":"<p>Militant royaliste d\u00e8s son plus jeune \u00e2ge, Pierre B\u00e9cat est depuis 1920 le beau-fr\u00e8re de Marcel Aza\u00efs, figure marquante de l&rsquo;Action fran\u00e7aise (voir le mariage de Marcel Aza\u00efs et de Juliette B\u00e9cat). C&rsquo;est \u00e9galement parmi les jeunes filles d&rsquo;Action fran\u00e7aise qu&rsquo;il rencontre son \u00e9pouse Gabrielle, avec qui il se marie en 1927. Pierre B\u00e9cat \u00e9crit &hellip; <\/p>\n<p class=\"link-more\"><a href=\"https:\/\/pierrebecat.fr\/index.php\/2018\/09\/16\/pierre-becat-et-laction-francaise\/\" class=\"more-link\">Continuer la lecture<span class=\"screen-reader-text\"> de &laquo;&nbsp;Pierre B\u00e9cat et l&rsquo;Action fran\u00e7aise&nbsp;&raquo;<\/span><\/a><\/p>\n","protected":false},"author":2,"featured_media":0,"comment_status":"open","ping_status":"open","sticky":false,"template":"","format":"standard","meta":{"spay_email":""},"categories":[3],"tags":[],"jetpack_featured_media_url":"","_links":{"self":[{"href":"https:\/\/pierrebecat.fr\/index.php\/wp-json\/wp\/v2\/posts\/126"}],"collection":[{"href":"https:\/\/pierrebecat.fr\/index.php\/wp-json\/wp\/v2\/posts"}],"about":[{"href":"https:\/\/pierrebecat.fr\/index.php\/wp-json\/wp\/v2\/types\/post"}],"author":[{"embeddable":true,"href":"https:\/\/pierrebecat.fr\/index.php\/wp-json\/wp\/v2\/users\/2"}],"replies":[{"embeddable":true,"href":"https:\/\/pierrebecat.fr\/index.php\/wp-json\/wp\/v2\/comments?post=126"}],"version-history":[{"count":15,"href":"https:\/\/pierrebecat.fr\/index.php\/wp-json\/wp\/v2\/posts\/126\/revisions"}],"predecessor-version":[{"id":861,"href":"https:\/\/pierrebecat.fr\/index.php\/wp-json\/wp\/v2\/posts\/126\/revisions\/861"}],"wp:attachment":[{"href":"https:\/\/pierrebecat.fr\/index.php\/wp-json\/wp\/v2\/media?parent=126"}],"wp:term":[{"taxonomy":"category","embeddable":true,"href":"https:\/\/pierrebecat.fr\/index.php\/wp-json\/wp\/v2\/categories?post=126"},{"taxonomy":"post_tag","embeddable":true,"href":"https:\/\/pierrebecat.fr\/index.php\/wp-json\/wp\/v2\/tags?post=126"}],"curies":[{"name":"wp","href":"https:\/\/api.w.org\/{rel}","templated":true}]}}