{"id":111,"date":"2018-09-09T14:26:40","date_gmt":"2018-09-09T12:26:40","guid":{"rendered":"http:\/\/pierrebecat.fr\/?p=111"},"modified":"2020-12-31T12:50:57","modified_gmt":"2020-12-31T11:50:57","slug":"1936-grand-duel-oratoire-pierre-becat-charles-dupuis-vice-president-du-parti-radical-socialiste","status":"publish","type":"post","link":"https:\/\/pierrebecat.fr\/index.php\/2018\/09\/09\/1936-grand-duel-oratoire-pierre-becat-charles-dupuis-vice-president-du-parti-radical-socialiste\/","title":{"rendered":"1936. Grand duel oratoire Pierre B\u00e9cat\/Charles Dupuis, vice-pr\u00e9sident du Parti Radical Socialiste"},"content":{"rendered":"<p><a href=\"http:\/\/pierrebecat.fr\/wp-content\/uploads\/2018\/09\/IMG_4203.jpg\"><img decoding=\"async\" loading=\"lazy\" class=\"aligncenter size-full wp-image-112\" src=\"http:\/\/pierrebecat.fr\/wp-content\/uploads\/2018\/09\/IMG_4203.jpg\" alt=\"\" width=\"2407\" height=\"3446\" srcset=\"https:\/\/pierrebecat.fr\/wp-content\/uploads\/2018\/09\/IMG_4203.jpg 2407w, https:\/\/pierrebecat.fr\/wp-content\/uploads\/2018\/09\/IMG_4203-210x300.jpg 210w, https:\/\/pierrebecat.fr\/wp-content\/uploads\/2018\/09\/IMG_4203-768x1100.jpg 768w, https:\/\/pierrebecat.fr\/wp-content\/uploads\/2018\/09\/IMG_4203-715x1024.jpg 715w\" sizes=\"(max-width: 767px) 89vw, (max-width: 1000px) 54vw, (max-width: 1071px) 543px, 580px\" \/><\/a><\/p>\n<p>Dans les ann\u00e9es 1930, Pierre B\u00e9cat r\u00e9alise de nombreux meetings, discours et d\u00e9bats dans toute la France, comme on a pu le voir&nbsp;<a href=\"http:\/\/pierrebecat.fr\/index.php\/2018\/07\/30\/pierre-becat-conferencier-a-la-fete-du-cercle-saint-charles-a-nimes-en-1933\/\">\u00e0 N\u00eemes en 1933.<\/a>&nbsp;Une affiche in\u00e9dite tir\u00e9e des archives B\u00e9cat montre \u00e9galement un des grands moments de sa carri\u00e8re de tribun : le \u00ab\u00a0grand duel oratoire\u00a0\u00bb qui l&rsquo;oppose, le 1er janvier 1936, \u00e0 Charles Dupuis, vice-pr\u00e9sident du Parti radical socialiste. Ce duel a lieu \u00e0 Cambrai, au cin\u00e9ma \u00ab\u00a0Le Familia\u00a0\u00bb (dont on peut d\u00e9couvrir l&rsquo;histoire et des photographies sur le site :&nbsp;<strong><a href=\"http:\/\/cinemasdunord.blogspot.com\/2014\/10\/le-familia-de-cambrai.html\">http:\/\/cinemasdunord.blogspot.com\/2014\/10\/le-familia-de-cambrai.html<\/a><\/strong>).<\/p>\n<p>Charles Dupuis (1902-1993), haut fonctionnaire des Finances et militant politique, d\u00e9ploya \u00e9galement des activit\u00e9s de po\u00e8te. Un site lui est consacr\u00e9 :&nbsp;<strong><a href=\"http:\/\/charlesandrey.dupuis.free.fr\/fdupuis1.html\">http:\/\/charlesandrey.dupuis.free.fr\/fdupuis1.html<\/a><\/strong>. Voici un extrait de sa biographie pour les ann\u00e9es concern\u00e9es :<\/p>\n<blockquote><p><span style=\"font-size: small;\">\u00c0 partir de 1926 en effet, haut fonctionnaire des Finances dans le Nord puis \u00e0 Paris qu&rsquo;il regagna en 1936 pour organiser le Front Populaire, Charles Dupuis, toujours po\u00e8te (il publia en 1935 le recueil <\/span><i><span style=\"font-size: small;\">Au&nbsp;hasard de leurs mains ouvertes<\/span><\/i><span style=\"font-size: small;\">), ajouta une troisi\u00e8me (au moins) corde \u00e0 son arc en adh\u00e9rant et en militant au Parti radical et radical-socialiste dont il fut, \u00e0 l&rsquo;extr\u00eame-gauche, vice-pr\u00e9sident national. Orateur de r\u00e9unions publiques, il se fit simultan\u00e9ment journaliste (le plus souvent b\u00e9n\u00e9vole), dirigeant l&rsquo;hebdomadaire radical <\/span><i><span style=\"font-size: small;\">La&nbsp;D\u00e9mocratie cambr\u00e9sienne<\/span><\/i><span style=\"font-size: small;\">, collaborant \u00e0 Paris \u00e0 l&rsquo;hebdomadaire satirique et contestataire <\/span><i><span style=\"font-size: small;\">Le&nbsp;Petit Bara<\/span><\/i><span style=\"font-size: small;\">, et surtout donnant au journal radical <\/span><i><span style=\"font-size: small;\">La&nbsp;R\u00e9publique<\/span><\/i><span style=\"font-size: small;\">, sous le pseudonyme de Narcisse, une chronique quotidienne rim\u00e9e de 35 ou 40 vers, dont la vari\u00e9t\u00e9 de sujets et de tons illustre merveilleusement les diverses facettes de son existence et la coh\u00e9rence de sa pens\u00e9e humaniste, libertaire voire anarchiste, anticolonialiste et pacifiste. Son initiation dans la franc-ma\u00e7onnerie, \u00ab\u00a0soci\u00e9t\u00e9 discr\u00e8te mais non secr\u00e8te\u00a0\u00bb, en 1929 lui apprit \u00e0 \u00e9couter mieux encore les autres et lui permit d&rsquo;approfondir sa philosophie humanitaire pour mieux la pratiquer&nbsp;: fier de ses \u00ab\u00a0origines prol\u00e9tariennes\u00a0\u00bb, il ne cessa de prendre le parti de Jacques et de Jean-Fran\u00e7ou\u00e9 contre les idol\u00e2tres de la \u00ab\u00a0Phynance\u00a0\u00bb, adoptant souvent, \u00e0 c\u00f4t\u00e9 de po\u00e8mes tr\u00e8s lyriques ou de tentatives \u00ab\u00a0futuristes\u00a0\u00bb, le langage et la forme des chansons populaires.<\/span><\/p><\/blockquote>\n ","protected":false},"excerpt":{"rendered":"<p>Dans les ann\u00e9es 1930, Pierre B\u00e9cat r\u00e9alise de nombreux meetings, discours et d\u00e9bats dans toute la France, comme on a pu le voir&nbsp;\u00e0 N\u00eemes en 1933.&nbsp;Une affiche in\u00e9dite tir\u00e9e des archives B\u00e9cat montre \u00e9galement un des grands moments de sa carri\u00e8re de tribun : le \u00ab\u00a0grand duel oratoire\u00a0\u00bb qui l&rsquo;oppose, le 1er janvier 1936, \u00e0 &hellip; <\/p>\n<p class=\"link-more\"><a href=\"https:\/\/pierrebecat.fr\/index.php\/2018\/09\/09\/1936-grand-duel-oratoire-pierre-becat-charles-dupuis-vice-president-du-parti-radical-socialiste\/\" class=\"more-link\">Continuer la lecture<span class=\"screen-reader-text\"> de &laquo;&nbsp;1936. Grand duel oratoire Pierre B\u00e9cat\/Charles Dupuis, vice-pr\u00e9sident du Parti Radical Socialiste&nbsp;&raquo;<\/span><\/a><\/p>\n","protected":false},"author":2,"featured_media":0,"comment_status":"open","ping_status":"open","sticky":false,"template":"","format":"standard","meta":{"spay_email":""},"categories":[3],"tags":[],"jetpack_featured_media_url":"","_links":{"self":[{"href":"https:\/\/pierrebecat.fr\/index.php\/wp-json\/wp\/v2\/posts\/111"}],"collection":[{"href":"https:\/\/pierrebecat.fr\/index.php\/wp-json\/wp\/v2\/posts"}],"about":[{"href":"https:\/\/pierrebecat.fr\/index.php\/wp-json\/wp\/v2\/types\/post"}],"author":[{"embeddable":true,"href":"https:\/\/pierrebecat.fr\/index.php\/wp-json\/wp\/v2\/users\/2"}],"replies":[{"embeddable":true,"href":"https:\/\/pierrebecat.fr\/index.php\/wp-json\/wp\/v2\/comments?post=111"}],"version-history":[{"count":4,"href":"https:\/\/pierrebecat.fr\/index.php\/wp-json\/wp\/v2\/posts\/111\/revisions"}],"predecessor-version":[{"id":280,"href":"https:\/\/pierrebecat.fr\/index.php\/wp-json\/wp\/v2\/posts\/111\/revisions\/280"}],"wp:attachment":[{"href":"https:\/\/pierrebecat.fr\/index.php\/wp-json\/wp\/v2\/media?parent=111"}],"wp:term":[{"taxonomy":"category","embeddable":true,"href":"https:\/\/pierrebecat.fr\/index.php\/wp-json\/wp\/v2\/categories?post=111"},{"taxonomy":"post_tag","embeddable":true,"href":"https:\/\/pierrebecat.fr\/index.php\/wp-json\/wp\/v2\/tags?post=111"}],"curies":[{"name":"wp","href":"https:\/\/api.w.org\/{rel}","templated":true}]}}